{"id":29360,"date":"2026-05-01T11:57:31","date_gmt":"2026-05-01T11:57:31","guid":{"rendered":"https:\/\/www.lopezvicu.info\/el-centre-lopez-vicuna-de-barcelona-sera-la-sede-del-congreso-nacional-fecora-2026\/"},"modified":"2026-05-02T11:39:03","modified_gmt":"2026-05-02T11:39:03","slug":"el-centre-lopez-vicuna-de-barcelona-sera-la-sede-del-congreso-nacional-fecora-2026","status":"publish","type":"post","link":"https:\/\/www.lopezvicu.info\/es\/el-centre-lopez-vicuna-de-barcelona-sera-la-sede-del-congreso-nacional-fecora-2026\/","title":{"rendered":"El Centre L\u00f3pez Vicu\u00f1a de Barcelona sera la sede del Congreso Nacional FECORA 2026"},"content":{"rendered":"\n<h2 class=\"wp-block-heading\" id=\"h-sota-el-lema-institucional-connectats-el-nostre-centre-rebra-als-centres-de-tot-el-pais-per-a-celebrar-la-final-d-aquest-certamen-que-integra-la-fe-el-cor-i-la-rao\">Bajo el lema institucional \u201cConectados\u201d, nuestro centro rebicir\u00e1 a los alumnos de 15 centos de todo el pa\u00eds para celebrar la final de este congreso que integra la Fe, el Coraz\u00f3n y la Raz\u00f3n.<\/h2>\n\n<p id=\"h-sota-el-lema-institucional-connectats-el-nostre-centre-rebra-a-les-delegacions-de-tot-el-pais-per-a-celebrar-la-final-d-aquest-certamen-que-integra-la-fe-el-cor-i-la-rao-despres-de-la-resolucio-de-les-fases-locals-el-centre-lopez-vicuna-de-barcelona-ha-estat-seleccionat-per-a-organitzar-i-acollir-el-congres-fecora-nacional-2026-els-dies-13-i-14-de-maig-l-esdeveniment-reunira-els-grups-d-alumnes-que-van-obtenir-el-primer-premi-en-la-fase-local-de-cada-centre\">Tras la resoluci\u00f3n de las fases locales, el centro L\u00f3pez Vicu\u00f1a de Barcelona ha sido seleccionado para organizar y acoger el Congreso FECORA Nacional 2026 los d\u00edas 13 y 14 de mayo. El evento reunir\u00e1 a los grupos de alumnos que obtuvieron el primer premio en la fase local de cada centro durante la fase de FECORA local. <\/p>\n\n<p>En esta edici\u00f3n, el centro de Barcelona asumiremos la coordinaci\u00f3n de las jornadas donde se presentar\u00e1n los proyectos y acogeremos a todas las persones participantes, que esta edici\u00f3n son el alumnado de 15 centros de las RMI en Espa\u00f1a: Almer\u00eda, Barcelona, Bilbao, C\u00e1diz, C\u00f3rdoba, Gij\u00f3n, Madrid Casa Madre, Madrid R\u00edo Rosas, Madrid San Blas, Oviedo, Palencia, Pamplona, Santander, Sevilla y Vigo.<\/p>\n\n<h3 class=\"wp-block-heading\" id=\"h-marc-institucional-i-objectius\">Marco institucional y objetivos<\/h3>\n\n<p>FECORA naci\u00f3 en el curso 2006-2007 con el objetivo de que el alumnado de Ciclos Formativos investigue y conecte su profesi\u00f3n con los valores RMI. <\/p>\n\n<h3 class=\"wp-block-heading\" id=\"h-mes-enlla-de-l-excel-lencia-professional\">M\u00e1s all\u00e1 de la excel\u00e9ncia profesional<\/h3>\n\n<p id=\"h-mes-enlla-de-l-excel-lencia-professional-el-seu-nom-respon-a-fe-cor-i-rao-tres-dimensions-que-el-projecte-integra-per-a-promoure-un-desenvolupament-professional-etic-social-i-espiritual-complet-cada-any-el-congres-s-articula-entorn-del-lema-institucional-aquest-curs-connectats-un-compromis-amb-el-futur-la-celebracio-del-fecora-nacional-suposa-a-mes-una-oportunitat-perque-l-alumnat-comparteixi-experiencies-enforteixi-el-treball-en-equip-i-demostri-com-des-de-les-seves-futures-professions-poden-ser-agents-de-canvi-social-benvinguts-a-barcelona-benvinguts-al-fecora-nacional-2026\">Su nombre responde a fe m\u00eda, Coraz\u00f3n y Raz\u00f3n, tres dimensiones que el proyecto integra para promover un desarrollo profesional, \u00e9tico, social y espiritual completo. Cada a\u00f1o, el congreso se articula en torno al lema institucional; este curso, \u201c<strong><a href=\"https:\/\/www.lopezvicu.info\/es\/nuevo-curso-nuevo-lema-conectados\/\" type=\"post\" id=\"27783\" target=\"_blank\" rel=\"noreferrer noopener\">Conectados<\/a><\/strong>\u00ab. <\/p>\n\n<h3 class=\"wp-block-heading\" id=\"h-un-compromis-amb-el-futur\">Un compromiso con el futuro<\/h3>\n\n<p id=\"h-mes-enlla-de-l-excel-lencia-professional-el-seu-nom-respon-a-fe-cor-i-rao-tres-dimensions-que-el-projecte-integra-per-a-promoure-un-desenvolupament-professional-etic-social-i-espiritual-complet-cada-any-el-congres-s-articula-entorn-del-lema-institucional-aquest-curs-connectats-un-compromis-amb-el-futur-la-celebracio-del-fecora-nacional-suposa-a-mes-una-oportunitat-perque-l-alumnat-comparteixi-experiencies-enforteixi-el-treball-en-equip-i-demostri-com-des-de-les-seves-futures-professions-poden-ser-agents-de-canvi-social-benvinguts-a-barcelona-benvinguts-al-fecora-nacional-2026\">La celebraci\u00f3n del FECORA Nacional supone, adem\u00e1s, una oportunidad para que el alumnado <strong>comparta experiencias, fortalezca el trabajo en equipo y demuestre c\u00f3mo, desde sus futuras profesiones, pueden ser agentes de cambio social.<\/strong><\/p>\n\n<p id=\"h-mes-enlla-de-l-excel-lencia-professional-el-seu-nom-respon-a-fe-cor-i-rao-tres-dimensions-que-el-projecte-integra-per-a-promoure-un-desenvolupament-professional-etic-social-i-espiritual-complet-cada-any-el-congres-s-articula-entorn-del-lema-institucional-aquest-curs-connectats-un-compromis-amb-el-futur-la-celebracio-del-fecora-nacional-suposa-a-mes-una-oportunitat-perque-l-alumnat-comparteixi-experiencies-enforteixi-el-treball-en-equip-i-demostri-com-des-de-les-seves-futures-professions-poden-ser-agents-de-canvi-social-benvinguts-a-barcelona-benvinguts-al-fecora-nacional-2026\"><strong>Benvingudes i benvinguts a Barcelona, benvingudes i benvinguts al FECORA Nacional 2026!<\/strong><\/p>\n\n<p>Datos clave del acontecimiento:<br\/>\u2022 Fechas: 13 y 14 de mayo de 2026.<br\/>\u2022 Lugar: sal\u00f3n de actos, Centro L\u00f3pez Vicu\u00f1a (RMI Barcelona).<br\/>\u2022 Participantes: Centros RMI de toda Espa\u00f1a.<\/p>\n\n<figure class=\"wp-block-video\"><video height=\"2244\" style=\"aspect-ratio: 1586 \/ 2244;\" width=\"1586\" controls=\"\" src=\"https:\/\/www.lopezvicu.info\/wp-content\/uploads\/2026\/05\/FECORA-2026_cartel.mp4\"><\/video><\/figure>\n","protected":false},"excerpt":{"rendered":"<p>En el centro de Barcelona acogeremos el Congreso Nacional FECORA 2026 los d\u00edas 13 y 14 de mayo. Bajo el lema \u00abConectados\u00bb, alumnos de FP presentar\u00e1n proyectos que integran Fe, Coraz\u00f3n y Raz\u00f3n. <\/p>\n","protected":false},"author":5,"featured_media":29393,"comment_status":"closed","ping_status":"closed","sticky":false,"template":"","format":"standard","meta":{"footnotes":""},"categories":[88],"tags":[84],"class_list":["post-29360","post","type-post","status-publish","format-standard","has-post-thumbnail","hentry","category-noticias","tag-pagina-inicio","generate-columns","tablet-grid-50","mobile-grid-100","grid-parent","grid-33"],"yoast_head":"<!-- This site is optimized with the Yoast SEO Premium plugin v26.0 (Yoast SEO v27.5) - https:\/\/yoast.com\/product\/yoast-seo-premium-wordpress\/ -->\n<title>El Centre L\u00f3pez Vicu\u00f1a de Barcelona sera la sede del Congreso Nacional FECORA 2026 - Centre L\u00f3pez Vicu\u00f1a Barcelona<\/title>\n<meta name=\"description\" content=\"En el centro de Barcelona acogeremos el Congreso Nacional FECORA 2026 los d\u00edas 13 y 14 de mayo. Bajo el lema &quot;Conectados&quot;, alumnos de FP presentar\u00e1n proyectos que integran Fe, Coraz\u00f3n y Raz\u00f3n.\" \/>\n<meta name=\"robots\" content=\"index, follow, max-snippet:-1, max-image-preview:large, max-video-preview:-1\" \/>\n<link rel=\"canonical\" href=\"https:\/\/www.lopezvicu.info\/es\/el-centre-lopez-vicuna-de-barcelona-sera-la-sede-del-congreso-nacional-fecora-2026\/\" \/>\n<meta property=\"og:locale\" content=\"es_ES\" \/>\n<meta property=\"og:type\" content=\"article\" \/>\n<meta property=\"og:title\" content=\"El Centre L\u00f3pez Vicu\u00f1a de Barcelona sera la sede del Congreso Nacional FECORA 2026 - Centre L\u00f3pez Vicu\u00f1a Barcelona\" \/>\n<meta property=\"og:description\" content=\"En el centro de Barcelona acogeremos el Congreso Nacional FECORA 2026 los d\u00edas 13 y 14 de mayo. Bajo el lema &quot;Conectados&quot;, alumnos de FP presentar\u00e1n proyectos que integran Fe, Coraz\u00f3n y Raz\u00f3n.\" \/>\n<meta property=\"og:url\" content=\"https:\/\/www.lopezvicu.info\/es\/el-centre-lopez-vicuna-de-barcelona-sera-la-sede-del-congreso-nacional-fecora-2026\/\" \/>\n<meta property=\"og:site_name\" content=\"Centre L\u00f3pez Vicu\u00f1a Barcelona\" \/>\n<meta property=\"article:publisher\" content=\"https:\/\/www.facebook.com\/LopezVicuBCN\/\" \/>\n<meta property=\"article:published_time\" content=\"2026-05-01T11:57:31+00:00\" \/>\n<meta property=\"article:modified_time\" content=\"2026-05-02T11:39:03+00:00\" \/>\n<meta property=\"og:image\" content=\"https:\/\/www.lopezvicu.info\/wp-content\/uploads\/2026\/05\/FECORA-2026-1024x1022.png\" \/>\n\t<meta property=\"og:image:width\" content=\"1024\" \/>\n\t<meta property=\"og:image:height\" content=\"1022\" \/>\n\t<meta property=\"og:image:type\" content=\"image\/png\" \/>\n<meta name=\"author\" content=\"Esther-admin\" \/>\n<meta name=\"twitter:card\" content=\"summary_large_image\" \/>\n<meta name=\"twitter:creator\" content=\"@lopezvicubcn\" \/>\n<meta name=\"twitter:site\" content=\"@lopezvicubcn\" \/>\n<meta name=\"twitter:label1\" content=\"Escrito por\" \/>\n\t<meta name=\"twitter:data1\" content=\"Esther-admin\" \/>\n\t<meta name=\"twitter:label2\" content=\"Tiempo de lectura\" \/>\n\t<meta name=\"twitter:data2\" content=\"2 minutos\" \/>\n<script type=\"application\/ld+json\" class=\"yoast-schema-graph\">{\"@context\":\"https:\\\/\\\/schema.org\",\"@graph\":[{\"@type\":\"Article\",\"@id\":\"https:\\\/\\\/www.lopezvicu.info\\\/es\\\/el-centre-lopez-vicuna-de-barcelona-sera-la-sede-del-congreso-nacional-fecora-2026\\\/#article\",\"isPartOf\":{\"@id\":\"https:\\\/\\\/www.lopezvicu.info\\\/es\\\/el-centre-lopez-vicuna-de-barcelona-sera-la-sede-del-congreso-nacional-fecora-2026\\\/\"},\"author\":{\"name\":\"Esther-admin\",\"@id\":\"https:\\\/\\\/www.lopezvicu.info\\\/es\\\/#\\\/schema\\\/person\\\/a67275cf508bfbe8fafa3c2285aa0b24\"},\"headline\":\"El Centre L\u00f3pez Vicu\u00f1a de Barcelona sera la sede del Congreso Nacional FECORA 2026\",\"datePublished\":\"2026-05-01T11:57:31+00:00\",\"dateModified\":\"2026-05-02T11:39:03+00:00\",\"mainEntityOfPage\":{\"@id\":\"https:\\\/\\\/www.lopezvicu.info\\\/es\\\/el-centre-lopez-vicuna-de-barcelona-sera-la-sede-del-congreso-nacional-fecora-2026\\\/\"},\"wordCount\":341,\"publisher\":{\"@id\":\"https:\\\/\\\/www.lopezvicu.info\\\/es\\\/#organization\"},\"image\":{\"@id\":\"https:\\\/\\\/www.lopezvicu.info\\\/es\\\/el-centre-lopez-vicuna-de-barcelona-sera-la-sede-del-congreso-nacional-fecora-2026\\\/#primaryimage\"},\"thumbnailUrl\":\"https:\\\/\\\/www.lopezvicu.info\\\/wp-content\\\/uploads\\\/2026\\\/05\\\/FECORA-2026.png\",\"keywords\":[\"p\u00e1gina inicio\"],\"articleSection\":[\"Noticias\"],\"inLanguage\":\"es\"},{\"@type\":\"WebPage\",\"@id\":\"https:\\\/\\\/www.lopezvicu.info\\\/es\\\/el-centre-lopez-vicuna-de-barcelona-sera-la-sede-del-congreso-nacional-fecora-2026\\\/\",\"url\":\"https:\\\/\\\/www.lopezvicu.info\\\/es\\\/el-centre-lopez-vicuna-de-barcelona-sera-la-sede-del-congreso-nacional-fecora-2026\\\/\",\"name\":\"El Centre L\u00f3pez Vicu\u00f1a de Barcelona sera la sede del Congreso Nacional FECORA 2026 - Centre L\u00f3pez Vicu\u00f1a Barcelona\",\"isPartOf\":{\"@id\":\"https:\\\/\\\/www.lopezvicu.info\\\/es\\\/#website\"},\"primaryImageOfPage\":{\"@id\":\"https:\\\/\\\/www.lopezvicu.info\\\/es\\\/el-centre-lopez-vicuna-de-barcelona-sera-la-sede-del-congreso-nacional-fecora-2026\\\/#primaryimage\"},\"image\":{\"@id\":\"https:\\\/\\\/www.lopezvicu.info\\\/es\\\/el-centre-lopez-vicuna-de-barcelona-sera-la-sede-del-congreso-nacional-fecora-2026\\\/#primaryimage\"},\"thumbnailUrl\":\"https:\\\/\\\/www.lopezvicu.info\\\/wp-content\\\/uploads\\\/2026\\\/05\\\/FECORA-2026.png\",\"datePublished\":\"2026-05-01T11:57:31+00:00\",\"dateModified\":\"2026-05-02T11:39:03+00:00\",\"description\":\"En el centro de Barcelona acogeremos el Congreso Nacional FECORA 2026 los d\u00edas 13 y 14 de mayo. Bajo el lema \\\"Conectados\\\", alumnos de FP presentar\u00e1n proyectos que integran Fe, Coraz\u00f3n y Raz\u00f3n.\",\"breadcrumb\":{\"@id\":\"https:\\\/\\\/www.lopezvicu.info\\\/es\\\/el-centre-lopez-vicuna-de-barcelona-sera-la-sede-del-congreso-nacional-fecora-2026\\\/#breadcrumb\"},\"inLanguage\":\"es\",\"potentialAction\":[{\"@type\":\"ReadAction\",\"target\":[\"https:\\\/\\\/www.lopezvicu.info\\\/es\\\/el-centre-lopez-vicuna-de-barcelona-sera-la-sede-del-congreso-nacional-fecora-2026\\\/\"]}]},{\"@type\":\"ImageObject\",\"inLanguage\":\"es\",\"@id\":\"https:\\\/\\\/www.lopezvicu.info\\\/es\\\/el-centre-lopez-vicuna-de-barcelona-sera-la-sede-del-congreso-nacional-fecora-2026\\\/#primaryimage\",\"url\":\"https:\\\/\\\/www.lopezvicu.info\\\/wp-content\\\/uploads\\\/2026\\\/05\\\/FECORA-2026.png\",\"contentUrl\":\"https:\\\/\\\/www.lopezvicu.info\\\/wp-content\\\/uploads\\\/2026\\\/05\\\/FECORA-2026.png\",\"width\":2249,\"height\":2245},{\"@type\":\"BreadcrumbList\",\"@id\":\"https:\\\/\\\/www.lopezvicu.info\\\/es\\\/el-centre-lopez-vicuna-de-barcelona-sera-la-sede-del-congreso-nacional-fecora-2026\\\/#breadcrumb\",\"itemListElement\":[{\"@type\":\"ListItem\",\"position\":1,\"name\":\"Portada\",\"item\":\"https:\\\/\\\/www.lopezvicu.info\\\/es\\\/\"},{\"@type\":\"ListItem\",\"position\":2,\"name\":\"El Centre L\u00f3pez Vicu\u00f1a de Barcelona sera la sede del Congreso Nacional FECORA 2026\"}]},{\"@type\":\"WebSite\",\"@id\":\"https:\\\/\\\/www.lopezvicu.info\\\/es\\\/#website\",\"url\":\"https:\\\/\\\/www.lopezvicu.info\\\/es\\\/\",\"name\":\"L\u00f3pez Vicu\u00f1a\",\"description\":\"L\u00f3pez Vicu\u00f1a\",\"publisher\":{\"@id\":\"https:\\\/\\\/www.lopezvicu.info\\\/es\\\/#organization\"},\"potentialAction\":[{\"@type\":\"SearchAction\",\"target\":{\"@type\":\"EntryPoint\",\"urlTemplate\":\"https:\\\/\\\/www.lopezvicu.info\\\/es\\\/?s={search_term_string}\"},\"query-input\":{\"@type\":\"PropertyValueSpecification\",\"valueRequired\":true,\"valueName\":\"search_term_string\"}}],\"inLanguage\":\"es\"},{\"@type\":\"Organization\",\"@id\":\"https:\\\/\\\/www.lopezvicu.info\\\/es\\\/#organization\",\"name\":\"Lopez Vicu\u00f1a\",\"url\":\"https:\\\/\\\/www.lopezvicu.info\\\/es\\\/\",\"logo\":{\"@type\":\"ImageObject\",\"inLanguage\":\"es\",\"@id\":\"https:\\\/\\\/www.lopezvicu.info\\\/es\\\/#\\\/schema\\\/logo\\\/image\\\/\",\"url\":\"https:\\\/\\\/www.lopezvicu.info\\\/wp-content\\\/uploads\\\/2022\\\/01\\\/logo.png\",\"contentUrl\":\"https:\\\/\\\/www.lopezvicu.info\\\/wp-content\\\/uploads\\\/2022\\\/01\\\/logo.png\",\"width\":350,\"height\":70,\"caption\":\"Lopez Vicu\u00f1a\"},\"image\":{\"@id\":\"https:\\\/\\\/www.lopezvicu.info\\\/es\\\/#\\\/schema\\\/logo\\\/image\\\/\"},\"sameAs\":[\"https:\\\/\\\/www.facebook.com\\\/LopezVicuBCN\\\/\",\"https:\\\/\\\/x.com\\\/lopezvicubcn\",\"https:\\\/\\\/www.linkedin.com\\\/company\\\/lopezvicubcn\\\/\",\"https:\\\/\\\/www.instagram.com\\\/lopezvicubcn\\\/\",\"https:\\\/\\\/www.youtube.com\\\/@lopezvicubarcelona\"],\"description\":\"L\u00f3pez Vicu\u00f1a \u00e9s un centre concertat autoritzat pel Departament d'Educaci\u00f3 de la Generalitat de Catalunya amb CODI 08035015, per impartir Batxillerat i Cicles Formatius (Grau Mitj\u00e0 i Grau Superior), obert a tothom i comprom\u00e8s amb la realitat social, cultural i econ\u00f2mica que ens envolta i amb un cost econ\u00f2mic que garanteix l\u2019escolaritzaci\u00f3 post-obligat\u00f2ria de tots els estudiants. Situats a l'Eixample, en ple centre de Barcelona, i amb f\u00e0cil acc\u00e9s en transport p\u00fablic. Metodologies actives, emprenedoria, projectes, aprenentatge - servei, qualitat, multiling\u00fce mobilitat, FP Dual, tenen cabuda en tots els estudis que impartim\",\"email\":\"direccio@lopezvicu.info\",\"telephone\":\"934 87 65 94\"},{\"@type\":\"Person\",\"@id\":\"https:\\\/\\\/www.lopezvicu.info\\\/es\\\/#\\\/schema\\\/person\\\/a67275cf508bfbe8fafa3c2285aa0b24\",\"name\":\"Esther-admin\"}]}<\/script>\n<!-- \/ Yoast SEO Premium plugin. -->","yoast_head_json":{"title":"El Centre L\u00f3pez Vicu\u00f1a de Barcelona sera la sede del Congreso Nacional FECORA 2026 - Centre L\u00f3pez Vicu\u00f1a Barcelona","description":"En el centro de Barcelona acogeremos el Congreso Nacional FECORA 2026 los d\u00edas 13 y 14 de mayo. Bajo el lema \"Conectados\", alumnos de FP presentar\u00e1n proyectos que integran Fe, Coraz\u00f3n y Raz\u00f3n.","robots":{"index":"index","follow":"follow","max-snippet":"max-snippet:-1","max-image-preview":"max-image-preview:large","max-video-preview":"max-video-preview:-1"},"canonical":"https:\/\/www.lopezvicu.info\/es\/el-centre-lopez-vicuna-de-barcelona-sera-la-sede-del-congreso-nacional-fecora-2026\/","og_locale":"es_ES","og_type":"article","og_title":"El Centre L\u00f3pez Vicu\u00f1a de Barcelona sera la sede del Congreso Nacional FECORA 2026 - Centre L\u00f3pez Vicu\u00f1a Barcelona","og_description":"En el centro de Barcelona acogeremos el Congreso Nacional FECORA 2026 los d\u00edas 13 y 14 de mayo. Bajo el lema \"Conectados\", alumnos de FP presentar\u00e1n proyectos que integran Fe, Coraz\u00f3n y Raz\u00f3n.","og_url":"https:\/\/www.lopezvicu.info\/es\/el-centre-lopez-vicuna-de-barcelona-sera-la-sede-del-congreso-nacional-fecora-2026\/","og_site_name":"Centre L\u00f3pez Vicu\u00f1a Barcelona","article_publisher":"https:\/\/www.facebook.com\/LopezVicuBCN\/","article_published_time":"2026-05-01T11:57:31+00:00","article_modified_time":"2026-05-02T11:39:03+00:00","og_image":[{"width":1024,"height":1022,"url":"https:\/\/www.lopezvicu.info\/wp-content\/uploads\/2026\/05\/FECORA-2026-1024x1022.png","type":"image\/png"}],"author":"Esther-admin","twitter_card":"summary_large_image","twitter_creator":"@lopezvicubcn","twitter_site":"@lopezvicubcn","twitter_misc":{"Escrito por":"Esther-admin","Tiempo de lectura":"2 minutos"},"schema":{"@context":"https:\/\/schema.org","@graph":[{"@type":"Article","@id":"https:\/\/www.lopezvicu.info\/es\/el-centre-lopez-vicuna-de-barcelona-sera-la-sede-del-congreso-nacional-fecora-2026\/#article","isPartOf":{"@id":"https:\/\/www.lopezvicu.info\/es\/el-centre-lopez-vicuna-de-barcelona-sera-la-sede-del-congreso-nacional-fecora-2026\/"},"author":{"name":"Esther-admin","@id":"https:\/\/www.lopezvicu.info\/es\/#\/schema\/person\/a67275cf508bfbe8fafa3c2285aa0b24"},"headline":"El Centre L\u00f3pez Vicu\u00f1a de Barcelona sera la sede del Congreso Nacional FECORA 2026","datePublished":"2026-05-01T11:57:31+00:00","dateModified":"2026-05-02T11:39:03+00:00","mainEntityOfPage":{"@id":"https:\/\/www.lopezvicu.info\/es\/el-centre-lopez-vicuna-de-barcelona-sera-la-sede-del-congreso-nacional-fecora-2026\/"},"wordCount":341,"publisher":{"@id":"https:\/\/www.lopezvicu.info\/es\/#organization"},"image":{"@id":"https:\/\/www.lopezvicu.info\/es\/el-centre-lopez-vicuna-de-barcelona-sera-la-sede-del-congreso-nacional-fecora-2026\/#primaryimage"},"thumbnailUrl":"https:\/\/www.lopezvicu.info\/wp-content\/uploads\/2026\/05\/FECORA-2026.png","keywords":["p\u00e1gina inicio"],"articleSection":["Noticias"],"inLanguage":"es"},{"@type":"WebPage","@id":"https:\/\/www.lopezvicu.info\/es\/el-centre-lopez-vicuna-de-barcelona-sera-la-sede-del-congreso-nacional-fecora-2026\/","url":"https:\/\/www.lopezvicu.info\/es\/el-centre-lopez-vicuna-de-barcelona-sera-la-sede-del-congreso-nacional-fecora-2026\/","name":"El Centre L\u00f3pez Vicu\u00f1a de Barcelona sera la sede del Congreso Nacional FECORA 2026 - Centre L\u00f3pez Vicu\u00f1a Barcelona","isPartOf":{"@id":"https:\/\/www.lopezvicu.info\/es\/#website"},"primaryImageOfPage":{"@id":"https:\/\/www.lopezvicu.info\/es\/el-centre-lopez-vicuna-de-barcelona-sera-la-sede-del-congreso-nacional-fecora-2026\/#primaryimage"},"image":{"@id":"https:\/\/www.lopezvicu.info\/es\/el-centre-lopez-vicuna-de-barcelona-sera-la-sede-del-congreso-nacional-fecora-2026\/#primaryimage"},"thumbnailUrl":"https:\/\/www.lopezvicu.info\/wp-content\/uploads\/2026\/05\/FECORA-2026.png","datePublished":"2026-05-01T11:57:31+00:00","dateModified":"2026-05-02T11:39:03+00:00","description":"En el centro de Barcelona acogeremos el Congreso Nacional FECORA 2026 los d\u00edas 13 y 14 de mayo. Bajo el lema \"Conectados\", alumnos de FP presentar\u00e1n proyectos que integran Fe, Coraz\u00f3n y Raz\u00f3n.","breadcrumb":{"@id":"https:\/\/www.lopezvicu.info\/es\/el-centre-lopez-vicuna-de-barcelona-sera-la-sede-del-congreso-nacional-fecora-2026\/#breadcrumb"},"inLanguage":"es","potentialAction":[{"@type":"ReadAction","target":["https:\/\/www.lopezvicu.info\/es\/el-centre-lopez-vicuna-de-barcelona-sera-la-sede-del-congreso-nacional-fecora-2026\/"]}]},{"@type":"ImageObject","inLanguage":"es","@id":"https:\/\/www.lopezvicu.info\/es\/el-centre-lopez-vicuna-de-barcelona-sera-la-sede-del-congreso-nacional-fecora-2026\/#primaryimage","url":"https:\/\/www.lopezvicu.info\/wp-content\/uploads\/2026\/05\/FECORA-2026.png","contentUrl":"https:\/\/www.lopezvicu.info\/wp-content\/uploads\/2026\/05\/FECORA-2026.png","width":2249,"height":2245},{"@type":"BreadcrumbList","@id":"https:\/\/www.lopezvicu.info\/es\/el-centre-lopez-vicuna-de-barcelona-sera-la-sede-del-congreso-nacional-fecora-2026\/#breadcrumb","itemListElement":[{"@type":"ListItem","position":1,"name":"Portada","item":"https:\/\/www.lopezvicu.info\/es\/"},{"@type":"ListItem","position":2,"name":"El Centre L\u00f3pez Vicu\u00f1a de Barcelona sera la sede del Congreso Nacional FECORA 2026"}]},{"@type":"WebSite","@id":"https:\/\/www.lopezvicu.info\/es\/#website","url":"https:\/\/www.lopezvicu.info\/es\/","name":"L\u00f3pez Vicu\u00f1a","description":"L\u00f3pez Vicu\u00f1a","publisher":{"@id":"https:\/\/www.lopezvicu.info\/es\/#organization"},"potentialAction":[{"@type":"SearchAction","target":{"@type":"EntryPoint","urlTemplate":"https:\/\/www.lopezvicu.info\/es\/?s={search_term_string}"},"query-input":{"@type":"PropertyValueSpecification","valueRequired":true,"valueName":"search_term_string"}}],"inLanguage":"es"},{"@type":"Organization","@id":"https:\/\/www.lopezvicu.info\/es\/#organization","name":"Lopez Vicu\u00f1a","url":"https:\/\/www.lopezvicu.info\/es\/","logo":{"@type":"ImageObject","inLanguage":"es","@id":"https:\/\/www.lopezvicu.info\/es\/#\/schema\/logo\/image\/","url":"https:\/\/www.lopezvicu.info\/wp-content\/uploads\/2022\/01\/logo.png","contentUrl":"https:\/\/www.lopezvicu.info\/wp-content\/uploads\/2022\/01\/logo.png","width":350,"height":70,"caption":"Lopez Vicu\u00f1a"},"image":{"@id":"https:\/\/www.lopezvicu.info\/es\/#\/schema\/logo\/image\/"},"sameAs":["https:\/\/www.facebook.com\/LopezVicuBCN\/","https:\/\/x.com\/lopezvicubcn","https:\/\/www.linkedin.com\/company\/lopezvicubcn\/","https:\/\/www.instagram.com\/lopezvicubcn\/","https:\/\/www.youtube.com\/@lopezvicubarcelona"],"description":"L\u00f3pez Vicu\u00f1a \u00e9s un centre concertat autoritzat pel Departament d'Educaci\u00f3 de la Generalitat de Catalunya amb CODI 08035015, per impartir Batxillerat i Cicles Formatius (Grau Mitj\u00e0 i Grau Superior), obert a tothom i comprom\u00e8s amb la realitat social, cultural i econ\u00f2mica que ens envolta i amb un cost econ\u00f2mic que garanteix l\u2019escolaritzaci\u00f3 post-obligat\u00f2ria de tots els estudiants. Situats a l'Eixample, en ple centre de Barcelona, i amb f\u00e0cil acc\u00e9s en transport p\u00fablic. Metodologies actives, emprenedoria, projectes, aprenentatge - servei, qualitat, multiling\u00fce mobilitat, FP Dual, tenen cabuda en tots els estudis que impartim","email":"direccio@lopezvicu.info","telephone":"934 87 65 94"},{"@type":"Person","@id":"https:\/\/www.lopezvicu.info\/es\/#\/schema\/person\/a67275cf508bfbe8fafa3c2285aa0b24","name":"Esther-admin"}]}},"_links":{"self":[{"href":"https:\/\/www.lopezvicu.info\/es\/wp-json\/wp\/v2\/posts\/29360","targetHints":{"allow":["GET"]}}],"collection":[{"href":"https:\/\/www.lopezvicu.info\/es\/wp-json\/wp\/v2\/posts"}],"about":[{"href":"https:\/\/www.lopezvicu.info\/es\/wp-json\/wp\/v2\/types\/post"}],"author":[{"embeddable":true,"href":"https:\/\/www.lopezvicu.info\/es\/wp-json\/wp\/v2\/users\/5"}],"replies":[{"embeddable":true,"href":"https:\/\/www.lopezvicu.info\/es\/wp-json\/wp\/v2\/comments?post=29360"}],"version-history":[{"count":3,"href":"https:\/\/www.lopezvicu.info\/es\/wp-json\/wp\/v2\/posts\/29360\/revisions"}],"predecessor-version":[{"id":29400,"href":"https:\/\/www.lopezvicu.info\/es\/wp-json\/wp\/v2\/posts\/29360\/revisions\/29400"}],"wp:featuredmedia":[{"embeddable":true,"href":"https:\/\/www.lopezvicu.info\/es\/wp-json\/wp\/v2\/media\/29393"}],"wp:attachment":[{"href":"https:\/\/www.lopezvicu.info\/es\/wp-json\/wp\/v2\/media?parent=29360"}],"wp:term":[{"taxonomy":"category","embeddable":true,"href":"https:\/\/www.lopezvicu.info\/es\/wp-json\/wp\/v2\/categories?post=29360"},{"taxonomy":"post_tag","embeddable":true,"href":"https:\/\/www.lopezvicu.info\/es\/wp-json\/wp\/v2\/tags?post=29360"}],"curies":[{"name":"wp","href":"https:\/\/api.w.org\/{rel}","templated":true}]}}